{"id":5274,"date":"2017-12-21T09:08:02","date_gmt":"2017-12-21T08:08:02","guid":{"rendered":"http:\/\/www.nrgi.ch\/?p=5274"},"modified":"2017-12-21T09:08:02","modified_gmt":"2017-12-21T08:08:02","slug":"amis-skieurs-le-paradis-cest-au-gibloux","status":"publish","type":"post","link":"https:\/\/www.nrgi.ch\/index.php\/2017\/12\/21\/amis-skieurs-le-paradis-cest-au-gibloux\/","title":{"rendered":"Amis skieurs le paradis c&rsquo;est au Gibloux!"},"content":{"rendered":"<p>\t\t\t\tEncore une superbe journ\u00e9e qui s&rsquo;annonce sur le Gibloux. La nuit a \u00e9t\u00e9 bien froide et ce matin le soleil joue \u00e0 cache cache avec la brume.<br \/>\nTout le r\u00e9seau a \u00e9t\u00e9 retrac\u00e9 par notre Raubac la baraque. Les pistes ne sont pas bonnes, elles sont excellentes. Profitez donc \u00e0 fond! Skieurs du jour, skieurs de la nuit, les pistes sont \u00e0 vous. Hier soir Madame Neige s&rsquo;est essay\u00e9e pour la premi\u00e8re fois au skating. La belle, v\u00eatue d&rsquo;une combinaison blanche a discr\u00e8tement tent\u00e9 le 1\/1 asym\u00e9trique en dessus du chalet neuf. Nous resterons discrets quant au\u00a0 r\u00e9sultat de cette premi\u00e8re s\u00e9ance.<\/p>\n<p><strong>Petit coup de pub pour nos 2 buvettes:<\/strong><\/p>\n<p><b><span style=\"color: #444444;\">Buvette du Chalet Neuf <\/span><\/b><span style=\"display: inline !important; float: none; background-color: transparent; color: #444444; font-family: 'Helvetica Neue',Helvetica,sans-serif; font-size: 16px; font-size-adjust: none; font-stretch: normal; font-style: normal; font-variant: normal; font-weight: 400; letter-spacing: normal; line-height: 22.4px; orphans: 2; text-align: left; text-decoration: none; text-indent: 0px; text-transform: none; -webkit-text-stroke-width: 0px; white-space: normal; word-spacing: 0px; word-wrap: break-word;\">(Monts de Riaz)<\/span><br \/>\n<span style=\"display: inline !important; float: none; background-color: transparent; color: #444444; font-family: 'Helvetica Neue',Helvetica,sans-serif; font-size: 16px; font-size-adjust: none; font-stretch: normal; font-style: normal; font-variant: normal; font-weight: 400; letter-spacing: normal; line-height: 22.4px; orphans: 2; text-align: left; text-decoration: none; text-indent: 0px; text-transform: none; -webkit-text-stroke-width: 0px; white-space: normal; word-spacing: 0px; word-wrap: break-word;\"> Fr\u00e9d\u00e9ric et Alexandra Pugin<\/span><br \/>\n<em>Horaires d\u2019ouverture :<br \/>\n<\/em><span style=\"display: inline !important; float: none; background-color: transparent; color: #444444; font-family: 'Helvetica Neue',Helvetica,sans-serif; font-size: 16px; font-size-adjust: none; font-stretch: normal; font-style: normal; font-variant: normal; font-weight: 400; letter-spacing: normal; line-height: 22.4px; orphans: 2; text-align: left; text-decoration: none; text-indent: 0px; text-transform: none; -webkit-text-stroke-width: 0px; white-space: normal; word-spacing: 0px; word-wrap: break-word;\">Mercredi au dimanche de 10h00 \u00e0 17h30<\/span><br \/>\n<span style=\"display: inline !important; float: none; background-color: transparent; color: #444444; font-family: 'Helvetica Neue',Helvetica,sans-serif; font-size: 16px; font-size-adjust: none; font-stretch: normal; font-style: normal; font-variant: normal; font-weight: 400; letter-spacing: normal; line-height: 22.4px; orphans: 2; text-align: left; text-decoration: none; text-indent: 0px; text-transform: none; -webkit-text-stroke-width: 0px; white-space: normal; word-spacing: 0px; word-wrap: break-word;\"> Un jeudi par mois, <\/span><a href=\"http:\/\/www.nrgi.ch\/wp-content\/uploads\/2017\/12\/cn_brisolee.pdf\">Brisol\u00e9e valaisanne<\/a><span style=\"display: inline !important; float: none; background-color: transparent; color: #444444; font-family: 'Helvetica Neue',Helvetica,sans-serif; font-size: 16px; font-size-adjust: none; font-stretch: normal; font-style: normal; font-variant: normal; font-weight: 400; letter-spacing: normal; line-height: 22.4px; orphans: 2; text-align: left; text-decoration: none; text-indent: 0px; text-transform: none; -webkit-text-stroke-width: 0px; white-space: normal; word-spacing: 0px; word-wrap: break-word;\">: 21 d\u00e9cembre 2017 \/ 18 janvier 2018 \/ 8 f\u00e9vrier 2017 \/ 8 mars 2018<\/span><br \/>\n<span style=\"display: inline !important; float: none; background-color: transparent; color: #444444; font-family: 'Helvetica Neue',Helvetica,sans-serif; font-size: 16px; font-size-adjust: none; font-stretch: normal; font-style: normal; font-variant: normal; font-weight: 400; letter-spacing: normal; line-height: 22.4px; orphans: 2; text-align: left; text-decoration: none; text-indent: 0px; text-transform: none; -webkit-text-stroke-width: 0px; white-space: normal; word-spacing: 0px; word-wrap: break-word;\"> Un vendredi par mois, <\/span><a href=\"http:\/\/www.nrgi.ch\/wp-content\/uploads\/2017\/12\/cn_schwyzoise.pdf\">animation schwyzoise<\/a><span style=\"display: inline !important; float: none; background-color: transparent; color: #444444; font-family: 'Helvetica Neue',Helvetica,sans-serif; font-size: 16px; font-size-adjust: none; font-stretch: normal; font-style: normal; font-variant: normal; font-weight: 400; letter-spacing: normal; line-height: 22.4px; orphans: 2; text-align: left; text-decoration: none; text-indent: 0px; text-transform: none; -webkit-text-stroke-width: 0px; white-space: normal; word-spacing: 0px; word-wrap: break-word;\"> d\u00e8s 19h: 15 d\u00e9cembre 2017 \/ 19 janvier 2018 \/ 16 f\u00e9vrier 2018 \/ 16 mars 2018<\/span><br \/>\n<em>R\u00e9servations : \u00a0\u00a0\u00a0 <\/em><span style=\"display: inline !important; float: none; background-color: transparent; color: #444444; font-family: 'Helvetica Neue',Helvetica,sans-serif; font-size: 16px; font-size-adjust: none; font-stretch: normal; font-style: normal; font-variant: normal; font-weight: 400; letter-spacing: normal; line-height: 22.4px; orphans: 2; text-align: left; text-decoration: none; text-indent: 0px; text-transform: none; -webkit-text-stroke-width: 0px; white-space: normal; word-spacing: 0px; word-wrap: break-word;\">079 613 60 70 \/ 079 354 52 14 \/ 026 912 56 15<\/span><\/p>\n<p><b><span style=\"color: #444444;\">Buvette <\/span><\/b><a title=\"Au coeur des Monts\" href=\"http:\/\/www.aucoeurdesmonts.ch\/\" target=\"_blank\" rel=\"noopener noreferrer\">Au Coeur des Monts\u00a0<\/a><span style=\"display: inline !important; float: none; background-color: transparent; color: #444444; font-family: 'Helvetica Neue',Helvetica,sans-serif; font-size: 16px; font-size-adjust: none; font-stretch: normal; font-style: normal; font-variant: normal; font-weight: 400; letter-spacing: normal; line-height: 22.4px; orphans: 2; text-align: left; text-decoration: none; text-indent: 0px; text-transform: none; -webkit-text-stroke-width: 0px; white-space: normal; word-spacing: 0px; word-wrap: break-word;\">(Chalet du Petit Prary au Mont de Marsens)<\/span><br \/>\n<span style=\"display: inline !important; float: none; background-color: transparent; color: #444444; font-family: 'Helvetica Neue',Helvetica,sans-serif; font-size: 16px; font-size-adjust: none; font-stretch: normal; font-style: normal; font-variant: normal; font-weight: 400; letter-spacing: normal; line-height: 22.4px; orphans: 2; text-align: left; text-decoration: none; text-indent: 0px; text-transform: none; -webkit-text-stroke-width: 0px; white-space: normal; word-spacing: 0px; word-wrap: break-word;\"> Fabienne Morard et Erica Savary<\/span><br \/>\n<span style=\"display: inline !important; float: none; background-color: transparent; color: #444444; font-family: 'Helvetica Neue',Helvetica,sans-serif; font-size: 16px; font-size-adjust: none; font-stretch: normal; font-style: normal; font-variant: normal; font-weight: 400; letter-spacing: normal; line-height: 22.4px; orphans: 2; text-align: left; text-decoration: none; text-indent: 0px; text-transform: none; -webkit-text-stroke-width: 0px; white-space: normal; word-spacing: 0px; word-wrap: break-word;\"> Plus d\u2019informations sur notre <\/span><a href=\"http:\/\/www.aucoeurdesmonts.ch\/\" target=\"_blank\" rel=\"noopener noreferrer\">site Internet <\/a><span style=\"display: inline !important; float: none; background-color: transparent; color: #444444; font-family: 'Helvetica Neue',Helvetica,sans-serif; font-size: 16px; font-size-adjust: none; font-stretch: normal; font-style: normal; font-variant: normal; font-weight: 400; letter-spacing: normal; line-height: 22.4px; orphans: 2; text-align: left; text-decoration: none; text-indent: 0px; text-transform: none; -webkit-text-stroke-width: 0px; white-space: normal; word-spacing: 0px; word-wrap: break-word;\">!<\/span><br \/>\n<em>Horaires d\u2019ouverture<\/em><span style=\"display: inline !important; float: none; background-color: transparent; color: #444444; font-family: 'Helvetica Neue',Helvetica,sans-serif; font-size: 16px; font-size-adjust: none; font-stretch: normal; font-style: normal; font-variant: normal; font-weight: 400; letter-spacing: normal; line-height: 22.4px; orphans: 2; text-align: left; text-decoration: none; text-indent: 0px; text-transform: none; -webkit-text-stroke-width: 0px; white-space: normal; word-spacing: 0px; word-wrap: break-word;\"> (du 26.12 2017 au 4.3.2018):<\/span><br \/>\n<em>R\u00e9servations<\/em><span style=\"display: inline !important; float: none; background-color: transparent; color: #444444; font-family: 'Helvetica Neue',Helvetica,sans-serif; font-size: 16px; font-size-adjust: none; font-stretch: normal; font-style: normal; font-variant: normal; font-weight: 400; letter-spacing: normal; line-height: 22.4px; orphans: 2; text-align: left; text-decoration: none; text-indent: 0px; text-transform: none; -webkit-text-stroke-width: 0px; white-space: normal; word-spacing: 0px; word-wrap: break-word;\"> en soir\u00e9e : \u00a0\u00a0\u00a0 079 654 32 91 \/ 078 925 35 52<\/span>\t\t<\/p>\n","protected":false},"excerpt":{"rendered":"<p>Encore une superbe journ\u00e9e qui s&rsquo;annonce sur le Gibloux. La nuit a \u00e9t\u00e9 bien froide et ce matin le soleil joue \u00e0 cache cache avec la brume. Tout le r\u00e9seau a \u00e9t\u00e9 retrac\u00e9 par notre Raubac la baraque. Les pistes ne sont pas bonnes, elles sont excellentes. Profitez donc \u00e0 fond! Skieurs du jour, skieurs de la nuit, les pistes sont \u00e0 vous. Hier soir Madame Neige s&rsquo;est essay\u00e9e pour la premi\u00e8re fois au skating. [&hellip;]<\/p>\n","protected":false},"author":4,"featured_media":0,"comment_status":"closed","ping_status":"open","sticky":false,"template":"","format":"standard","meta":{"zakra_page_container_layout":"customizer","zakra_page_sidebar_layout":"customizer","zakra_remove_content_margin":false,"zakra_sidebar":"customizer","zakra_transparent_header":"customizer","zakra_logo":0,"zakra_main_header_style":"default","zakra_menu_item_color":"","zakra_menu_item_hover_color":"","zakra_menu_item_active_color":"","zakra_menu_active_style":"","zakra_page_header":true,"_jetpack_memberships_contains_paid_content":false,"footnotes":"","jetpack_publicize_message":"","jetpack_publicize_feature_enabled":true,"jetpack_social_post_already_shared":true,"jetpack_social_options":{"image_generator_settings":{"template":"highway","default_image_id":0,"font":"","enabled":false},"version":2}},"categories":[26],"tags":[],"class_list":["post-5274","post","type-post","status-publish","format-standard","hentry","category-info"],"jetpack_publicize_connections":[],"jetpack_featured_media_url":"","jetpack_sharing_enabled":true,"_links":{"self":[{"href":"https:\/\/www.nrgi.ch\/index.php\/wp-json\/wp\/v2\/posts\/5274","targetHints":{"allow":["GET"]}}],"collection":[{"href":"https:\/\/www.nrgi.ch\/index.php\/wp-json\/wp\/v2\/posts"}],"about":[{"href":"https:\/\/www.nrgi.ch\/index.php\/wp-json\/wp\/v2\/types\/post"}],"author":[{"embeddable":true,"href":"https:\/\/www.nrgi.ch\/index.php\/wp-json\/wp\/v2\/users\/4"}],"replies":[{"embeddable":true,"href":"https:\/\/www.nrgi.ch\/index.php\/wp-json\/wp\/v2\/comments?post=5274"}],"version-history":[{"count":0,"href":"https:\/\/www.nrgi.ch\/index.php\/wp-json\/wp\/v2\/posts\/5274\/revisions"}],"wp:attachment":[{"href":"https:\/\/www.nrgi.ch\/index.php\/wp-json\/wp\/v2\/media?parent=5274"}],"wp:term":[{"taxonomy":"category","embeddable":true,"href":"https:\/\/www.nrgi.ch\/index.php\/wp-json\/wp\/v2\/categories?post=5274"},{"taxonomy":"post_tag","embeddable":true,"href":"https:\/\/www.nrgi.ch\/index.php\/wp-json\/wp\/v2\/tags?post=5274"}],"curies":[{"name":"wp","href":"https:\/\/api.w.org\/{rel}","templated":true}]}}